{"id":17688,"date":"2026-03-16T16:13:43","date_gmt":"2026-03-16T15:13:43","guid":{"rendered":"https:\/\/lovechamois.it\/?post_type=notizia&#038;p=17688"},"modified":"2026-03-16T16:13:50","modified_gmt":"2026-03-16T15:13:50","slug":"musicabilmente-2026-xi-edizione","status":"publish","type":"notizia","link":"https:\/\/lovechamois.it\/en\/notizia\/musicabilmente-2026-xi-edizione\/","title":{"rendered":"MusicAbilmente 2026 &#8211; XI EDIZIONE"},"content":{"rendered":"<p><a href=\"https:\/\/www.insiemeachamois.it\/musicabilmente\/\"><strong>MusicAbilmente<\/strong><\/a> prevede due giornate di full immersion music\u00a0e teatrale. L&#8217;obiettivo dell&#8217;evento \u00e8 creare un&#8217;interazione tra gruppi di<br \/>\nmusicisti ed attori che includano al loro interno anche persone con disabilit\u00e0. Un&#8217;esperienza di incontro e di scambio che valorizza le capacit\u00e0<br \/>\nartistiche e professionali di ciascun gruppo e di ciascun individuo.<\/p>\n<p>Anche le passate edizioni confermano la forza dell&#8217;evento nel favorire nuove relazioni e collaborazioni, nel valorizzare il lavoro compiuto con fatica<br \/>\ne professionalit\u00e0 dai giovani con disabilit\u00e0, nel sensibilizzare il pubblico nei confronti di realt\u00e0 sociali tanto preziose quanto delicate e stimolanti per<br \/>\nl\u2019esempio che portano con s\u00e9.<\/p>\n<p><strong>Due giornate di spettacoli<\/strong><br \/>\n&#8211; Concerti gratuiti accessibili alle persone con disabilit\u00e0<br \/>\n&#8211; Occasioni di confronto e di scambio per gli artisti coinvolti<br \/>\n&#8211; Approfitta dell&#8217;evento per scoprire la natura e la pace di Chamois, villaggio dove non circolano automobili<br \/>\n<em>Concerti gratuiti<\/em><\/p>\n<p><strong>4 &#8211; 5 luglio, Plan des Avaz<\/strong><\/p>\n<p>&nbsp;<\/p>\n<p><em>Direzione artistica di Enrico dePalmas<\/em><\/p>\n<p>Info:<a href=\"http:\/\/www.insiemeachamois.it\"><strong> Associazione Insieme a Chamois &#8211; Ensembio a Tzamou\u00e9<\/strong><\/a><br \/>\nE-mail: segreteria@insiemeachamois.it<br \/>\nFacebook: <a href=\"https:\/\/www.facebook.com\/musicabilmente\">https:\/\/www.facebook.com\/musicabilmente<\/a><br \/>\nInstagram: <a href=\"https:\/\/www.instagram.com\/musicabilmente\/\">https:\/\/www.instagram.com\/musicabilmente\/<\/a><\/p>\n","protected":false},"excerpt":{"rendered":"<p> MusicAbilmente \u00e8 il festival di inclusione sociale dedicato a musicisti, attori e ballerini con disabilit\u00e0. <\/p>\n","protected":false},"template":"","class_list":["post-17688","notizia","type-notizia","status-publish","hentry"],"_links":{"self":[{"href":"https:\/\/lovechamois.it\/en\/wp-json\/wp\/v2\/notizia\/17688"}],"collection":[{"href":"https:\/\/lovechamois.it\/en\/wp-json\/wp\/v2\/notizia"}],"about":[{"href":"https:\/\/lovechamois.it\/en\/wp-json\/wp\/v2\/types\/notizia"}],"wp:attachment":[{"href":"https:\/\/lovechamois.it\/en\/wp-json\/wp\/v2\/media?parent=17688"}],"curies":[{"name":"wp","href":"https:\/\/api.w.org\/{rel}","templated":true}]}}