{"id":16377,"date":"2025-03-05T10:35:54","date_gmt":"2025-03-05T09:35:54","guid":{"rendered":"https:\/\/lovechamois.it\/?post_type=notizia&#038;p=16377"},"modified":"2025-06-09T16:21:41","modified_gmt":"2025-06-09T14:21:41","slug":"musicabilmente-2025","status":"publish","type":"notizia","link":"https:\/\/lovechamois.it\/en\/notizia\/musicabilmente-2025\/","title":{"rendered":"MusicAbilmente 2025 &#8211; X EDIZIONE"},"content":{"rendered":"<p><img loading=\"lazy\" decoding=\"async\" class=\"alignnone size-large wp-image-16831\" src=\"https:\/\/lovechamois.it\/wp-content\/uploads\/2025\/03\/Locandina-MusicAbilmente-2025_DEF_0609-1-724x1024.png\" alt=\"\" width=\"724\" height=\"1024\" srcset=\"https:\/\/lovechamois.it\/wp-content\/uploads\/2025\/03\/Locandina-MusicAbilmente-2025_DEF_0609-1-724x1024.png 724w, https:\/\/lovechamois.it\/wp-content\/uploads\/2025\/03\/Locandina-MusicAbilmente-2025_DEF_0609-1-212x300.png 212w, https:\/\/lovechamois.it\/wp-content\/uploads\/2025\/03\/Locandina-MusicAbilmente-2025_DEF_0609-1-1086x1536.png 1086w, https:\/\/lovechamois.it\/wp-content\/uploads\/2025\/03\/Locandina-MusicAbilmente-2025_DEF_0609-1.png 1414w\" sizes=\"(max-width: 724px) 100vw, 724px\" \/>\u00a0<a href=\"https:\/\/www.insiemeachamois.it\/musicabilmente\/\"><strong>MusicAbilmente<\/strong><\/a> prevede due giornate di full immersion music\u00a0e teatrale. L&#8217;obiettivo dell&#8217;evento \u00e8 creare un&#8217;interazione tra gruppi di<br \/>\nmusicisti ed attori che includano al loro interno anche persone con disabilit\u00e0. Un&#8217;esperienza di incontro e di scambio che valorizza le capacit\u00e0<br \/>\nartistiche e professionali di ciascun gruppo e di ciascun individuo.<\/p>\n<p>Anche le passate edizioni confermano la forza dell&#8217;evento nel favorire nuove relazioni e collaborazioni, nel valorizzare il lavoro compiuto con fatica<br \/>\ne professionalit\u00e0 dai giovani con disabilit\u00e0, nel sensibilizzare il pubblico nei confronti di realt\u00e0 sociali tanto preziose quanto delicate e stimolanti per<br \/>\nl\u2019esempio che portano con s\u00e9.<\/p>\n<p><strong>Due giornate di spettacoli<\/strong><br \/>\n&#8211; Concerti gratuiti accessibili alle persone con disabilit\u00e0<br \/>\n&#8211; Occasioni di confronto e di scambio per gli artisti coinvolti<br \/>\n&#8211; Approfitta dell&#8217;evento per scoprire la natura e la pace di Chamois, villaggio dove non circolano automobili<br \/>\n<em>Concerti gratuiti<\/em><\/p>\n<p><strong>PROGRAMMA<\/strong><\/p>\n<p><strong>5 &#8211; 6 luglio, Plan des Avaz<\/strong><\/p>\n<p><strong>Sabato 5 luglio<\/strong><br \/>\nOre <strong>15.00<\/strong> Apertura del festival, saluto delle autorit\u00e0<br \/>\nOre <strong>15.15<\/strong> Concerto del coro ALI ALI &#8211; Aosta<br \/>\nOre <strong>16.30<\/strong> Concerto dei DOOLIA &#8211; Genova<br \/>\nOre <strong>18.00<\/strong> Proiezione del cortometraggio Resto, a cura dell\u2019associazione Cinema Inclusione Partecipazione<\/p>\n<p><strong>Domenica 6 luglio<\/strong><br \/>\nOre <strong>10.30<\/strong> Tavola rotonda: incontro di riflessione e scambio<br \/>\nOre <strong>15.00<\/strong> Spettacolo Take me Aut di Alice De Andr\u00e9, Fondazione Un Futuro per l&#8217;Asperger Onlus<br \/>\nOre\u00a0<strong>16.30<\/strong>\u00a0Concerto dei CLG ENSEMBLE &#8211; Torino<br \/>\nOre <strong>17.00<\/strong> Conclusione del Festival<\/p>\n<p>Diretta web radio e intrervista a cura de <strong>L&#8217;OMBRA DEL TRE<\/strong> &#8211; Torino- RadioOhm<\/p>\n<p><em>Direzione artistica di Enrico dePalmas<\/em><\/p>\n<p>Info:<a href=\"http:\/\/www.insiemeachamois.it\"><strong> Associazione Insieme a Chamois &#8211; Ensembio a Tzamou\u00e9<\/strong><\/a><br \/>\nE-mail: segreteria@insiemeachamois.it<br \/>\nFacebook: <a href=\"https:\/\/www.facebook.com\/musicabilmente\">https:\/\/www.facebook.com\/musicabilmente<\/a><br \/>\nInstagram: <a href=\"https:\/\/www.instagram.com\/musicabilmente\/\">https:\/\/www.instagram.com\/musicabilmente\/<\/a><\/p>\n","protected":false},"excerpt":{"rendered":"<p> MusicAbilmente \u00e8 il festival di inclusione sociale dedicato a musicisti, attori e ballerini con disabilit\u00e0. <\/p>\n","protected":false},"template":"","class_list":["post-16377","notizia","type-notizia","status-publish","hentry"],"_links":{"self":[{"href":"https:\/\/lovechamois.it\/en\/wp-json\/wp\/v2\/notizia\/16377"}],"collection":[{"href":"https:\/\/lovechamois.it\/en\/wp-json\/wp\/v2\/notizia"}],"about":[{"href":"https:\/\/lovechamois.it\/en\/wp-json\/wp\/v2\/types\/notizia"}],"wp:attachment":[{"href":"https:\/\/lovechamois.it\/en\/wp-json\/wp\/v2\/media?parent=16377"}],"curies":[{"name":"wp","href":"https:\/\/api.w.org\/{rel}","templated":true}]}}